{"id":12365,"date":"2023-01-24T13:28:27","date_gmt":"2023-01-24T11:28:27","guid":{"rendered":"https:\/\/auribluz.com\/?p=12365"},"modified":"2023-01-24T13:29:15","modified_gmt":"2023-01-24T11:29:15","slug":"review-airpods-pro-2","status":"publish","type":"post","link":"https:\/\/auribluz.com\/fr\/test-des-airpods-pro-2\/","title":{"rendered":"Airpods Pro (2\u00e8me g\u00e9n\u00e9ration) : test, caract\u00e9ristiques et avis"},"content":{"rendered":"<p>Les AirPods Pro ont fait beaucoup de bruit \u00e0 leur sortie, en grande partie \u00e0 cause de leurs capacit\u00e9s de r\u00e9duction du bruit. Pour Apple, il s&#039;agissait des premiers \u00e9couteurs avec suppression active du bruit (ANC) et du <strong>premier mod\u00e8le intra-auriculaire de la gamme AirPods<\/strong>.<\/p>\n\n\n\n<p>En 2019, <strong>C&#039;\u00e9tait beaucoup plus facile d&#039;impressionner le public<\/strong>: En gros, seul Sony devait rivaliser. En trois ans, les choses ont radicalement chang\u00e9 : l&#039;ANC est pr\u00e9sent dans la plupart des mod\u00e8les des constructeurs ; la suppression du bruit, bien que moins efficace, appara\u00eet de plus en plus dans les casques \u00e9conomiques ; et Sony et plusieurs concurrents ont r\u00e9ussi \u00e0 am\u00e9liorer leurs mod\u00e8les phares et \u00e0 d\u00e9passer le niveau du premier-n\u00e9 d&#039;Apple.<\/p>\n\n\n\n<p>Beaucoup s&#039;attendaient \u00e0 un <strong>deuxi\u00e8me g\u00e9n\u00e9ration d&#039;AirPods Pro<\/strong> d\u00e9j\u00e0 l\u2019ann\u00e9e derni\u00e8re, mais la nouvelle n\u2019a \u00e9t\u00e9 r\u00e9v\u00e9l\u00e9e qu\u2019en septembre 2022. La mise \u00e0 jour en vaut-elle la peine ? En quoi la deuxi\u00e8me g\u00e9n\u00e9ration est-elle diff\u00e9rente de la premi\u00e8re et comment se comporte-t-elle par rapport aux concurrents actuels ? Dans cette revue, nous r\u00e9pondons aux principales questions sur les nouveaux AirPods Pro pour vous aider \u00e0 prendre une d\u00e9cision.<\/p>\n\n\n\n<h2 class=\"wp-block-heading\">\u00c0 qui recommandons-nous les Apple Airpods Pro de 2e g\u00e9n\u00e9ration ?<\/h2>\n\n\n\n<p>Pour les normes 2022, <strong>les nouveaux AirPods Pro sont tr\u00e8s bons<\/strong>. Mais la recommandation de ces \u00e9couteurs aux utilisateurs d\u00e9pendra des situations suivantes :<\/p>\n\n\n\n<p>Si vous \u00eates enti\u00e8rement satisfait des AirPods Pro de la g\u00e9n\u00e9ration pr\u00e9c\u00e9dente, <strong>vous n&#039;avez pas besoin de mettre \u00e0 jour vers les nouveaux<\/strong>. Certaines personnes sont satisfaites de la qualit\u00e9 sonore actuelle et du niveau de suppression du bruit, ce n&#039;est pas un probl\u00e8me. Continuez ensuite \u00e0 utiliser les pr\u00e9c\u00e9dents.<\/p>\n\n\n\n<figure class=\"wp-block-embed is-type-video is-provider-youtube wp-block-embed-youtube wp-embed-aspect-16-9 wp-has-aspect-ratio\"><div class=\"wp-block-embed__wrapper\">\n<iframe loading=\"lazy\" title=\"AirPods Pro 2 vs AirPods Pro 1, y a-t-il une grande diff\u00e9rence ? \ud83c\udd9a Comparaison D\u00c9FINITIVE !\" width=\"1200\" height=\"675\" src=\"https:\/\/www.youtube.com\/embed\/7zxl7qXkJnA?feature=oembed\" frameborder=\"0\" allow=\"accelerometer; autoplay; clipboard-write; encrypted-media; gyroscope; picture-in-picture; web-share\" referrerpolicy=\"strict-origin-when-cross-origin\" allowfullscreen><\/iframe>\n<\/div><\/figure>\n\n\n\n<p>Si vous n&#039;\u00eates pas satisfait du son des premiers AirPods Pro, <strong>m\u00e9rite d&#039;\u00eatre mis \u00e0 jour<\/strong> ou au moins \u00e9coutez les nouveaux. Les basses sont plus profondes, mais pas exag\u00e9r\u00e9es. La gamme sonore a \u00e9t\u00e9 \u00e9largie, les aigus et les m\u00e9diums sont plus brillants et plus clairs. De mani\u00e8re g\u00e9n\u00e9rale, le son vient de monter d&#039;un cran, sans perdre cette \u00ab mod\u00e9ration \u00bb.<\/p>\n\n\n\n<p>Si vous n&#039;\u00eates pas satisfait de la suppression du bruit des premiers AirPods Pro<strong>mettez-les d\u00e9finitivement \u00e0 jour<\/strong>. Les AirPod disposent d\u00e9sormais d\u2019une suppression active du bruit, au moins \u00e0 \u00e9galit\u00e9 avec les meilleurs mod\u00e8les tout aussi chers d\u2019autres fabricants. Cela ne supprimera pas compl\u00e8tement le bruit des trains ou des avions, mais cela r\u00e9duira beaucoup plus votre volume global.<\/p>\n\n\n\n<p>Si vous craignez de perdre vos AirPods Pro, ou si vous les avez d\u00e9j\u00e0 perdus, <strong>\u00e7a vaut la peine d&#039;\u00eatre mis \u00e0 jour<\/strong>. Vous pourrez retrouver votre casque deuxi\u00e8me g\u00e9n\u00e9ration dans le Locator \u00e0 condition qu&#039;il soit dans son \u00e9tui. De plus, les haut-parleurs \u00e9mettent un son fort.<\/p>\n\n\n\n<p>Si vos AirPods Pro sont compl\u00e8tement us\u00e9s, <strong>Cela vaut la peine d&#039;acqu\u00e9rir le nouveau mod\u00e8le.<\/strong> La g\u00e9n\u00e9ration pr\u00e9c\u00e9dente Pro est d\u00e9j\u00e0 de moins en moins ch\u00e8re, mais nous ne voyons aucune raison objective de la choisir alors que la prochaine avec une meilleure r\u00e9duction du son et du bruit est disponible. La diff\u00e9rence de prix se rentabilise en termes d&#039;innovation.<\/p>\n\n\n\n<h2 class=\"wp-block-heading\">Conception et mat\u00e9riaux<\/h2>\n\n\n\n<p>Pour distinguer ext\u00e9rieurement la nouvelle version de celle de 2019, il faut regarder attentivement : <strong>la conception globale n&#039;a pas beaucoup chang\u00e9<\/strong>, la taille et la forme du casque et du bo\u00eetier sont identiques. Les diff\u00e9rences visuelles r\u00e9sident dans l\u2019emplacement des microphones et des capteurs.<\/p>\n\n\n\n<figure class=\"wp-block-image size-full\"><img loading=\"lazy\" decoding=\"async\" width=\"1200\" height=\"701\" src=\"https:\/\/auribluz.com\/wp-content\/uploads\/2023\/01\/tamano-airpods-pro-segunda-generacion-1.jpg\" alt=\"taille airpods pro deuxi\u00e8me g\u00e9n\u00e9ration\" class=\"wp-image-12544\" srcset=\"https:\/\/auribluz.com\/wp-content\/uploads\/2023\/01\/tamano-airpods-pro-segunda-generacion-1.jpg 1200w, https:\/\/auribluz.com\/wp-content\/uploads\/2023\/01\/tamano-airpods-pro-segunda-generacion-1-300x175.jpg 300w, https:\/\/auribluz.com\/wp-content\/uploads\/2023\/01\/tamano-airpods-pro-segunda-generacion-1-257x150.jpg 257w, https:\/\/auribluz.com\/wp-content\/uploads\/2023\/01\/tamano-airpods-pro-segunda-generacion-1-100x58.jpg 100w, https:\/\/auribluz.com\/wp-content\/uploads\/2023\/01\/tamano-airpods-pro-segunda-generacion-1-788x460.jpg 788w, https:\/\/auribluz.com\/wp-content\/uploads\/2023\/01\/tamano-airpods-pro-segunda-generacion-1-599x350.jpg 599w\" sizes=\"(max-width: 1200px) 100vw, 1200px\" \/><\/figure>\n\n\n\n<p>Dans les premiers AirPods Pro, le capteur de proximit\u00e9 est associ\u00e9 \u00e0 l&#039;un des microphones. Dans les nouveaux, ce micro <strong>a \u00e9t\u00e9 d\u00e9plac\u00e9 vers le bord sup\u00e9rieur<\/strong>, et le capteur est d\u00e9sormais configur\u00e9 pour d\u00e9tecter la peau humaine, comme sur les AirPod classiques de troisi\u00e8me g\u00e9n\u00e9ration. Cela garantit un fonctionnement plus pr\u00e9cis de la pause automatique. La lecture ne s&#039;active d\u00e9sormais plus par erreur si vous enlevez les \u00e9couteurs et les mettez dans votre poche (sans l&#039;\u00e9tui).<\/p>\n\n\n\n<p>M\u00eame forme et taille, m\u00eame confort et ajustement, \u00e0 une nuance pr\u00e8s. Tous les utilisateurs n&#039;ont pas pu <strong>trouver les bonnes plaquettes<\/strong>, et Apple a \u00e9cout\u00e9 ces voix et a ajout\u00e9 une paire de XS aux trois tailles standard. Comme auparavant, l&#039;ajustement s\u00fbr et correct doit \u00eatre v\u00e9rifi\u00e9 dans les param\u00e8tres iOS \u2013 ceci est important pour une qualit\u00e9 sonore optimale et l&#039;efficacit\u00e9 de la suppression active du bruit.<\/p>\n\n\n\n<figure class=\"wp-block-image size-full\"><img loading=\"lazy\" decoding=\"async\" width=\"1200\" height=\"701\" src=\"https:\/\/auribluz.com\/wp-content\/uploads\/2023\/01\/airpods-pro-2-generacion-oreja-1.jpg\" alt=\"oreille airpods pro 2 g\u00e9n\u00e9ration\" class=\"wp-image-12545\" srcset=\"https:\/\/auribluz.com\/wp-content\/uploads\/2023\/01\/airpods-pro-2-generacion-oreja-1.jpg 1200w, https:\/\/auribluz.com\/wp-content\/uploads\/2023\/01\/airpods-pro-2-generacion-oreja-1-300x175.jpg 300w, https:\/\/auribluz.com\/wp-content\/uploads\/2023\/01\/airpods-pro-2-generacion-oreja-1-257x150.jpg 257w, https:\/\/auribluz.com\/wp-content\/uploads\/2023\/01\/airpods-pro-2-generacion-oreja-1-100x58.jpg 100w, https:\/\/auribluz.com\/wp-content\/uploads\/2023\/01\/airpods-pro-2-generacion-oreja-1-788x460.jpg 788w, https:\/\/auribluz.com\/wp-content\/uploads\/2023\/01\/airpods-pro-2-generacion-oreja-1-599x350.jpg 599w\" sizes=\"(max-width: 1200px) 100vw, 1200px\" \/><\/figure>\n\n\n\n<p>Le classement de <strong>l&#039;\u00e9tanch\u00e9it\u00e9 reste IPX4<\/strong>, mais le bo\u00eetier de chargement b\u00e9n\u00e9ficie d\u00e9sormais de la m\u00eame protection. Le mat\u00e9riau avec lequel ils sont fabriqu\u00e9s est toujours un plastique de tr\u00e8s haute qualit\u00e9, tr\u00e8s robuste et avec une finition de premi\u00e8re classe, comme Apple nous y a habitu\u00e9.<\/p>\n\n\n\n<p>Le nouveau bo\u00eetier peut \u00eatre identifi\u00e9 par la boucle du bracelet en m\u00e9tal. Mais le bracelet lui-m\u00eame, dans la meilleure tradition Apple, <strong>n&#039;est pas inclus<\/strong>. Sur son site Internet, la soci\u00e9t\u00e9 propose une option \u00e0 12,95 $.<\/p>\n\n\n\n<p>La deuxi\u00e8me diff\u00e9rence visuelle du nouveau bo\u00eetier r\u00e9side dans les trous pour haut-parleurs \u00e0 c\u00f4t\u00e9 du connecteur Lightning (oui, toujours pas d&#039;USB-C). Non, le bo\u00eetier n&#039;est pas (encore) devenu une enceinte Bluetooth, il ne diffuse pas de musique, mais il est capable d&#039;\u00e9mettre plusieurs bips : lorsqu&#039;il est coupl\u00e9 au t\u00e9l\u00e9phone, lorsqu&#039;il est connect\u00e9 \u00e0 une base de chargement ou lors d&#039;une recherche via l&#039;application Find My.<\/p>\n\n\n\n<h2 class=\"wp-block-heading\">Qualit\u00e9 sonore<\/h2>\n\n\n\n<p>De nombreux experts et passionn\u00e9s ont convenu que les premiers AirPods Pro avaient un son correct, mais n&#039;ont pas impressionn\u00e9. Cette fois, <strong>Apple a pris les choses plus au s\u00e9rieux<\/strong>.<\/p>\n\n\n\n<p>Qu\u2019avons-nous entendu ? La clart\u00e9 globale et le dynamisme de l&#039;image sonore ont augment\u00e9, et cette derni\u00e8re est devenue plus volumineuse (sans activer Spatial Sound). La sc\u00e8ne virtuelle est plus large et plus profonde, la s\u00e9paration des instruments a \u00e9t\u00e9 am\u00e9lior\u00e9e : les \u00e9couteurs g\u00e8rent avec plus d&#039;assurance <strong>mixages d&#039;instruments complexes<\/strong> et \u00ab surpeupl\u00e9 \u00bb dans une vari\u00e9t\u00e9 infinie de genres musicaux.<\/p>\n\n\n\n<figure class=\"wp-block-image size-full\"><img loading=\"lazy\" decoding=\"async\" width=\"1200\" height=\"701\" src=\"https:\/\/auribluz.com\/wp-content\/uploads\/2023\/01\/airpods-pro-2-generacion-frontal.jpg\" alt=\"airpods pro 2 g\u00e9n\u00e9ration avant\" class=\"wp-image-12546\" srcset=\"https:\/\/auribluz.com\/wp-content\/uploads\/2023\/01\/airpods-pro-2-generacion-frontal.jpg 1200w, https:\/\/auribluz.com\/wp-content\/uploads\/2023\/01\/airpods-pro-2-generacion-frontal-300x175.jpg 300w, https:\/\/auribluz.com\/wp-content\/uploads\/2023\/01\/airpods-pro-2-generacion-frontal-257x150.jpg 257w, https:\/\/auribluz.com\/wp-content\/uploads\/2023\/01\/airpods-pro-2-generacion-frontal-100x58.jpg 100w, https:\/\/auribluz.com\/wp-content\/uploads\/2023\/01\/airpods-pro-2-generacion-frontal-788x460.jpg 788w, https:\/\/auribluz.com\/wp-content\/uploads\/2023\/01\/airpods-pro-2-generacion-frontal-599x350.jpg 599w\" sizes=\"(max-width: 1200px) 100vw, 1200px\" \/><\/figure>\n\n\n\n<p>Le caract\u00e8re g\u00e9n\u00e9ral du son est encore assez \u00e9quilibr\u00e9 et &quot;s\u00fbr&quot;, mais il y a plus de basses, notamment les sub-basses, qui manquaient aux premiers Pro. Cela ajoute de la massivit\u00e9 et de la solidit\u00e9 au son, mais sans perturber l&#039;\u00e9quilibre g\u00e9n\u00e9ral. Apr\u00e8s les basses, les m\u00e9diums sup\u00e9rieurs s&#039;\u00e9l\u00e8vent, accentuant le chant. Les aigus sont d\u00e9sormais plus clairs, dans les morceaux de musique avec beaucoup de voix <strong>il y a une am\u00e9lioration significative<\/strong> ajoutant de la l\u00e9g\u00e8ret\u00e9 et du volume.<\/p>\n\n\n\n<p>Mais l&#039;habituel n&#039;appara\u00eet pas <strong>\u00e9galiseur manuel dans les param\u00e8tres du casque<\/strong>, ce qui est d\u00e9cevant par rapport \u00e0 la concurrence. Quelle que soit la qualit\u00e9 des r\u00e9glages d\u2019usine, nous sommes nombreux \u00e0 avoir nos propres id\u00e9es sur le \u00ab bon \u00bb son, qui peuvent changer en fonction de notre humeur, du lieu ou de la musique elle-m\u00eame.<\/p>\n\n\n\n<h2 class=\"wp-block-heading\">suppression du bruit<\/h2>\n\n\n\n<p>Suppression du bruit, selon Apple, <strong>Il est deux fois plus puissant que les AirPods Pro<\/strong> gr\u00e2ce \u00e0 la puce H2 ainsi qu&#039;\u00e0 de nouveaux microphones et algorithmes de traitement. \u00c0 notre avis, la diff\u00e9rence n\u2019est pas si grande, puisque l\u2019ANC \u00e9tait plut\u00f4t bonne auparavant. Cependant, les leaders de la cat\u00e9gorie les plus modernes de Sony, Bose et Sennheiser, les premiers Pro-Cups, \u00e9taient inf\u00e9rieurs.<\/p>\n\n\n\n<p>Les AirPod de premi\u00e8re g\u00e9n\u00e9ration \u00e9liminaient efficacement le bourdonnement des basses fr\u00e9quences, mais ils ne fonctionnaient pas aussi bien avec la parole humaine, les bavardages du clavier et autres bruits de moyennes et hautes fr\u00e9quences. La modulation du bruit des AirPods Pro 2 <strong>fonctionne plus facilement et plus efficacement <\/strong>sur toutes les bandes.<\/p>\n\n\n\n<p>D&#039;ailleurs, si vous avez un <strong>Apple Watch (avec WatchOS 9),<\/strong> Vous pouvez voir dans l&#039;application Bruit de combien de d\u00e9cibels les \u00e9couteurs r\u00e9duisent les niveaux de bruit en temps r\u00e9el. Mais ce serait bien si les m\u00eames informations pouvaient \u00e9galement \u00eatre vues sur l&#039;iPhone.<\/p>\n\n\n\n<p>D&#039;un autre c\u00f4t\u00e9, il convient de mentionner quelque chose \u00e0 propos du <strong>mode de transparence invers\u00e9e<\/strong> suppression du bruit. Dans les premiers AirPods Pro, il \u00e9tait consid\u00e9r\u00e9 comme l&#039;un des points forts, tandis que chez la concurrence (quelle que soit la qualit\u00e9 des \u00e9couteurs\/ANC), il a tendance \u00e0 para\u00eetre peu naturel et d\u00e9form\u00e9.<\/p>\n\n\n\n<p>Les nouveaux AirPods Pro avec &quot;transparence&quot; activ\u00e9e <strong>Ils se rapprochent encore plus de l\u2019exp\u00e9rience sans casque. <\/strong>Apple a \u00e9galement ajout\u00e9 une option adaptative au mode : les \u00e9couteurs limiteront les sons durs et excessivement forts qui peuvent \u00eatre inconfortables ou dangereux pour l&#039;audition.<\/p>\n\n\n\n<h2 class=\"wp-block-heading\">Autonomie et batterie<\/h2>\n\n\n\n<p>En plus de la recharge sans fil MagSafe et Qi, une compatibilit\u00e9 avec le chargeur Apple Watch a \u00e9t\u00e9 ajout\u00e9e. Autonomie de la batterie <strong>est pass\u00e9 \u00e0 6 heures d&#039;\u00e9coute<\/strong> avec ANC activ\u00e9 (et volume \u00e0 50%). Cela tombe \u00e0 5,5 heures si vous utilisez l\u2019audio spatial avec d\u00e9tection des mouvements de la t\u00eate ; Apple estime que les \u00e9couteurs offrent jusqu&#039;\u00e0 4,5 heures d&#039;autonomie en conversation continue.<\/p>\n\n\n\n<p>En plus de recharger \u00e0 partir du bo\u00eetier, <strong>vous obtenez jusqu&#039;\u00e0 30 heures de lecture<\/strong>, soit six heures de plus que les AirPods Pro de premi\u00e8re g\u00e9n\u00e9ration. Les valeurs sont \u00e0 un niveau d\u00e9cent par rapport aux standards actuels, mais ne battent pas les records de la cat\u00e9gorie.<\/p>\n\n\n\n<h2 class=\"wp-block-heading\">Fonctionnalit\u00e9s suppl\u00e9mentaires<\/h2>\n\n\n\n<p>Si vous pouvez discuter du son ou de l\u2019ajustement des AirPod, en termes de qualit\u00e9 d\u2019appel, ils ont toujours \u00e9t\u00e9 consid\u00e9r\u00e9s comme les meilleurs. <strong>&#039;\u00e9couteur TWS par d\u00e9faut<\/strong>&#039; pour l&#039;iPhone. Il y a un r\u00e9glage TWS \u00e0 effectuer ici : m\u00eame les meilleurs \u00e9couteurs enti\u00e8rement sans fil ne fonctionnent pas aussi bien dans des conditions de bruit et de vent que le microphone du t\u00e9l\u00e9phone.<\/p>\n\n\n\n<h3 class=\"wp-block-heading\">Appels<\/h3>\n\n\n\n<p>Cependant, il y a aussi quelques avanc\u00e9es \u00e0 cet \u00e9gard : les nouveaux AirPods Pro <strong>coupe le bruit du vent<\/strong> et d&#039;autres sons \u00e0 haute fr\u00e9quence plus efficacement lors des appels, rendant la parole plus intelligible. Apple figure une nouvelle fois parmi les leaders.<\/p>\n\n\n\n<h3 class=\"wp-block-heading\">Configuration<\/h3>\n\n\n\n<p>Toute la personnalisation des \u00e9couteurs se fait dans le <strong>Param\u00e8tres du syst\u00e8me iOS<\/strong> Comme auparavant, il n\u2019existe pas d\u2019application distincte pour les autres plateformes. Compte tenu de cela et d\u2019un certain nombre de fonctionnalit\u00e9s exclusives disponibles uniquement dans l\u2019environnement natif, nous ne recommandons pas d\u2019acheter les AirPods Pro 2 en tant qu\u2019\u00e9couteurs non iPhone.<\/p>\n\n\n\n<h3 class=\"wp-block-heading\">Audio spatial personnalis\u00e9<\/h3>\n\n\n\n<p>Ainsi, \u00e0 partir d&#039;iOS 16, les utilisateurs ont la possibilit\u00e9 de <strong>audio spatial personnalis\u00e9<\/strong>, fonctionnant avec les deux g\u00e9n\u00e9rations d&#039;AirPods Pro, AirPods Max, AirPods 3rd Gen ou Beats Fit Pro, il est configur\u00e9 de la m\u00eame mani\u00e8re que FaceID et est fondamentalement similaire \u00e0 la personnalisation 360 Audio des \u00e9couteurs Sony ou du Super X-Fi de Creative.<\/p>\n\n\n\n<p>La musique avec Spatial Audio a activ\u00e9 des sons \u00ab au go\u00fbt \u00bb : pas meilleurs, mais diff\u00e9rents ; mais lorsque vous regardez des films ou jouez \u00e0 des jeux vid\u00e9o, <strong>le mode fonctionne beaucoup mieux.<\/strong><\/p>\n\n\n\n<h2 class=\"wp-block-heading\">Connectivit\u00e9<\/h2>\n\n\n\n<p>Les nouveaux \u00e9couteurs, comme l&#039;iPhone 14, <strong>Ils sont compatibles avec Bluetooth 5.3<\/strong> (les mod\u00e8les pr\u00e9c\u00e9dents \u00e9taient limit\u00e9s \u00e0 la version 5.0). En th\u00e9orie, cela permet la prise en charge de la nouvelle norme Bluetooth LE Audio Low Energy et de fonctionnalit\u00e9s suppl\u00e9mentaires, mais Apple n&#039;en a pas dit un mot.<\/p>\n\n\n\n<p>Les \u00e9couteurs utilisent d\u00e9sormais le protocole <strong>Standard Bluetooth Classique<\/strong> et les m\u00eames codecs AAC et SBC.<\/p>\n\n\n\n<p>Bien s\u00fbr, les AirPods Pro 2 <strong>peut se connecter \u00e0 n\u2019importe quelle source Bluetooth<\/strong>, mais le mod\u00e8le est con\u00e7u sp\u00e9cifiquement pour les utilisateurs de l&#039;\u00e9cosyst\u00e8me Apple. Pour l&#039;appairer \u00e0 un iPhone, rapprochez simplement la coque ouverte du t\u00e9l\u00e9phone et l&#039;\u00e9cran vous demandera de la connecter.<\/p>\n\n\n\n<p>puis des \u00e9couteurs <strong>sera reconnu automatiquement<\/strong> par n\u2019importe quel appareil associ\u00e9 \u00e0 votre compte iCloud, et vous pouvez facilement basculer entre eux. Cependant, la prise en charge multipoint pour la connexion simultan\u00e9e \u00e0 deux appareils, si au moins l&#039;un d&#039;entre eux (comme un ordinateur portable) n&#039;est pas Apple, n&#039;est toujours pas disponible.<\/p>\n\n\n\n<h2 class=\"wp-block-heading\">Contr\u00f4les<\/h2>\n\n\n\n<p>Quant au contr\u00f4le tactile des \u00e9couteurs, c&#039;est ici que r\u00e9side l&#039;un des changements les plus importants et les plus attendus. Vous pouvez maintenant r\u00e9gler le volume <strong>d\u00e9placer votre doigt vers le haut ou vers le bas<\/strong> sur la tige du casque (n&#039;importe laquelle). \u00c0 notre avis, c&#039;est bien plus pratique que de demander \u00e0 Siri, mais ce n&#039;est toujours pas parfait. Chaque geste modifie le volume en une seule \u00e9tape, accompagn\u00e9 d&#039;un bip, ce qui peut \u00eatre g\u00eanant si l&#039;on souhaite monter ou baisser le niveau de plusieurs valeurs.<\/p>\n\n\n\n<p>Capteur tactile du bandeau maintenant <strong>prend en charge un geste de glissement pour r\u00e9gler le volume<\/strong>. C&#039;est tr\u00e8s bien en termes de fonctionnalit\u00e9. Mais ce n&#039;est pas tr\u00e8s pratique. C&#039;est une chose d&#039;appuyer sur ce point pour changer de piste et une autre de glisser le doigt dessus. Ci-dessous, nous partageons tous les gestes disponibles pour contr\u00f4ler la lecture du casque :<\/p>\n\n\n\n<ul class=\"wp-block-list\">\n<li><strong>une touche<\/strong>- Lire ou mettre en pause l&#039;audio et r\u00e9pondre aux appels.<\/li>\n\n\n\n<li><strong>Deux touches<\/strong>: passer \u00e0 la chanson suivante.<\/li>\n\n\n\n<li><strong>trois touches<\/strong>: aller \u00e0 la chanson pr\u00e9c\u00e9dente.<\/li>\n\n\n\n<li><strong>Appui long<\/strong>: Basculez entre la suppression du bruit et le son ambiant adaptatif.<\/li>\n\n\n\n<li><strong>Faites glisser votre doigt vers le haut ou vers le bas\u00a0:<\/strong> Pour augmenter ou diminuer le volume<strong>.<\/strong><\/li>\n<\/ul>\n\n\n\n<p>Vous pouvez toujours utiliser la commande \u00ab Hey Siri \u00bb pour lui demander ce que vous voulez avec votre voix via vos AirPods Pro.<\/p>","protected":false},"excerpt":{"rendered":"<p>Los AirPods Pro hicieron mucho ruido cuando salieron al mercado, en gran parte debido a su capacidad de cancelaci\u00f3n de ruido. Para Apple, fueron los primeros auriculares con cancelaci\u00f3n activa de ruido (ANC) y el primer modelo intrauditivo de la gama AirPods. En 2019, era mucho m\u00e1s f\u00e1cil impresionar al p\u00fablico: b\u00e1sicamente, solo Sony ten\u00eda &#8230; <a title=\"Airpods Pro (2\u00e8me g\u00e9n\u00e9ration) : test, caract\u00e9ristiques et avis\" class=\"read-more\" href=\"https:\/\/auribluz.com\/fr\/test-des-airpods-pro-2\/\" aria-label=\"En savoir plus sur Airpods Pro (2a generaci\u00f3n): review, caracter\u00edsticas y opiniones\">Lire plus<\/a><\/p>","protected":false},"author":1,"featured_media":12547,"comment_status":"open","ping_status":"closed","sticky":false,"template":"","format":"standard","meta":{"footnotes":""},"categories":[1],"tags":[],"class_list":["post-12365","post","type-post","status-publish","format-standard","has-post-thumbnail","hentry","category-reviews","generate-columns","tablet-grid-50","mobile-grid-100","grid-parent","grid-33"],"_links":{"self":[{"href":"https:\/\/auribluz.com\/fr\/wp-json\/wp\/v2\/posts\/12365"}],"collection":[{"href":"https:\/\/auribluz.com\/fr\/wp-json\/wp\/v2\/posts"}],"about":[{"href":"https:\/\/auribluz.com\/fr\/wp-json\/wp\/v2\/types\/post"}],"author":[{"embeddable":true,"href":"https:\/\/auribluz.com\/fr\/wp-json\/wp\/v2\/users\/1"}],"replies":[{"embeddable":true,"href":"https:\/\/auribluz.com\/fr\/wp-json\/wp\/v2\/comments?post=12365"}],"version-history":[{"count":4,"href":"https:\/\/auribluz.com\/fr\/wp-json\/wp\/v2\/posts\/12365\/revisions"}],"predecessor-version":[{"id":12549,"href":"https:\/\/auribluz.com\/fr\/wp-json\/wp\/v2\/posts\/12365\/revisions\/12549"}],"wp:featuredmedia":[{"embeddable":true,"href":"https:\/\/auribluz.com\/fr\/wp-json\/wp\/v2\/media\/12547"}],"wp:attachment":[{"href":"https:\/\/auribluz.com\/fr\/wp-json\/wp\/v2\/media?parent=12365"}],"wp:term":[{"taxonomy":"category","embeddable":true,"href":"https:\/\/auribluz.com\/fr\/wp-json\/wp\/v2\/categories?post=12365"},{"taxonomy":"post_tag","embeddable":true,"href":"https:\/\/auribluz.com\/fr\/wp-json\/wp\/v2\/tags?post=12365"}],"curies":[{"name":"wp","href":"https:\/\/api.w.org\/{rel}","templated":true}]}}