{"id":9688,"date":"2021-12-07T09:33:41","date_gmt":"2021-12-07T07:33:41","guid":{"rendered":"https:\/\/auribluz.com\/?p=9688"},"modified":"2021-12-07T09:33:44","modified_gmt":"2021-12-07T07:33:44","slug":"como-activar-asistente-voz-sam-samsung","status":"publish","type":"post","link":"https:\/\/auribluz.com\/fr\/comment-activer-lassistant-vocal-sam-samsung\/","title":{"rendered":"Comment activer l&#039;assistant vocal SAM sur Samsung \u00e9tape par \u00e9tape"},"content":{"rendered":"<p><strong>L&#039;assistant vocal<\/strong> est charg\u00e9 de fournir des messages vocaux qui aident les personnes ayant une d\u00e9ficience visuelle. Une fois celui-ci activ\u00e9, l&#039;appareil vous permet d&#039;indiquer ou de d\u00e9crire les \u00e9l\u00e9ments que vous souhaitez s\u00e9lectionner ou activer.<\/p>\n\n\n\n<h2 class=\"wp-block-heading\">Qu&#039;est-ce que l&#039;assistant vocal SAM de Samsung ?<\/h2>\n\n\n\n<p>Sam, l&#039;assistant de Samsung, a \u00e9t\u00e9 con\u00e7u par une soci\u00e9t\u00e9 br\u00e9silienne appel\u00e9e LightFarm en collaboration avec Cheil Agency, li\u00e9e au fabricant sud-cor\u00e9en Samsung.<\/p>\n\n\n\n<p>Le personnage cr\u00e9\u00e9 par LightFarm <strong>cherche \u00e0 donner une apparence plus humaine \u00e0 la formation \u00e0 la vente par t\u00e9l\u00e9phone<\/strong>. Autrement dit, son objectif est de soutenir le travail des vendeurs, puisqu&#039;il s&#039;agit d&#039;une sorte d&#039;instructeur.<\/p>\n\n\n\n<p>Bien que beaucoup parlent de voir Sam dans un autre travail et pas seulement comme instructeur. Pour l\u2019instant, il n\u2019est pas pr\u00e9vu de remplacer l\u2019assistant vocal Bixby.<\/p>\n\n\n\n<h2 class=\"wp-block-heading\">Comment activer SAM sur les t\u00e9l\u00e9phones Samsung<\/h2>\n\n\n\n<p>Si vous utilisez des outils comme celui-ci, l\u2019activer est une option int\u00e9ressante dont vous pouvez profiter. A noter qu&#039;une fois que nous l&#039;avons activ\u00e9, il suffit de dire \u00ab Salut, Bixby \u00bb sans avoir \u00e0 appuyer sur aucune touche d&#039;acc\u00e8s. Si vous pr\u00e9f\u00e9rez, vous pouvez le d\u00e9sactiver.<\/p>\n\n\n\n<p>Savoir comment activer le <strong>Assistant vocal Samsung<\/strong> Cela peut \u00eatre tr\u00e8s utile pour ceux qui souhaitent profiter de cet outil. Pour ce faire, vous aurez besoin d&#039;un r\u00e9seau WIFI ou de donn\u00e9es mobiles.<\/p>\n\n\n\n<p>\u00c9videmment, Sam ne peut \u00eatre activ\u00e9 que sur les appareils Samsung. Une fois cet aspect abord\u00e9, nous vous laissons les \u00e9tapes \u00e0 suivre.<\/p>\n\n\n\n<ul class=\"wp-block-list\"><li><strong>\u00c9tape 1<\/strong>. D\u00e9verrouillez l&#039;\u00e9cran de votre appareil mobile.<\/li><li><strong>\u00c9tape 2<\/strong>. Cliquez sur le bouton lat\u00e9ral attribu\u00e9 \u00e0 l&#039;assistant virtuel. Cela peut varier selon le mod\u00e8le.<\/li><\/ul>\n\n\n\n<div class=\"wp-block-image\"><figure class=\"aligncenter size-full\"><img loading=\"lazy\" decoding=\"async\" width=\"600\" height=\"400\" src=\"https:\/\/auribluz.com\/wp-content\/uploads\/2021\/11\/activar-sam-paso-uno.jpg\" alt=\"activer-sam-step-one\" class=\"wp-image-9693\" srcset=\"https:\/\/auribluz.com\/wp-content\/uploads\/2021\/11\/activar-sam-paso-uno.jpg 600w, https:\/\/auribluz.com\/wp-content\/uploads\/2021\/11\/activar-sam-paso-uno-300x200.jpg 300w, https:\/\/auribluz.com\/wp-content\/uploads\/2021\/11\/activar-sam-paso-uno-225x150.jpg 225w, https:\/\/auribluz.com\/wp-content\/uploads\/2021\/11\/activar-sam-paso-uno-100x67.jpg 100w, https:\/\/auribluz.com\/wp-content\/uploads\/2021\/11\/activar-sam-paso-uno-788x525.jpg 788w\" sizes=\"(max-width: 600px) 100vw, 600px\" \/><\/figure><\/div>\n\n\n\n<ul class=\"wp-block-list\"><li><strong>\u00c9tape 3<\/strong>. Ensuite, cliquez sur l&#039;ic\u00f4ne de la maison qui appara\u00eetra en bas.<\/li><\/ul>\n\n\n\n<div class=\"wp-block-image\"><figure class=\"aligncenter size-full\"><img loading=\"lazy\" decoding=\"async\" width=\"600\" height=\"400\" src=\"https:\/\/auribluz.com\/wp-content\/uploads\/2021\/11\/activar-sam-paso-dos.jpg\" alt=\"activer-sam-\u00e9tape-deux\" class=\"wp-image-9692\" srcset=\"https:\/\/auribluz.com\/wp-content\/uploads\/2021\/11\/activar-sam-paso-dos.jpg 600w, https:\/\/auribluz.com\/wp-content\/uploads\/2021\/11\/activar-sam-paso-dos-300x200.jpg 300w, https:\/\/auribluz.com\/wp-content\/uploads\/2021\/11\/activar-sam-paso-dos-225x150.jpg 225w, https:\/\/auribluz.com\/wp-content\/uploads\/2021\/11\/activar-sam-paso-dos-100x67.jpg 100w, https:\/\/auribluz.com\/wp-content\/uploads\/2021\/11\/activar-sam-paso-dos-788x525.jpg 788w\" sizes=\"(max-width: 600px) 100vw, 600px\" \/><\/figure><\/div>\n\n\n\n<ul class=\"wp-block-list\"><li><strong>\u00c9tape 4<\/strong>. Un menu d\u00e9roulant s&#039;ouvrira. On appuie sur les trois lignes horizontales parall\u00e8les \u00e0 droite. Ensuite, cliquez sur l&#039;ic\u00f4ne d&#039;engrenage.<\/li><\/ul>\n\n\n\n<div class=\"wp-block-image\"><figure class=\"aligncenter size-full\"><img loading=\"lazy\" decoding=\"async\" width=\"600\" height=\"400\" src=\"https:\/\/auribluz.com\/wp-content\/uploads\/2021\/11\/activar-sam-paso-tres.jpg\" alt=\"activer-sam-\u00e9tape-trois\" class=\"wp-image-9691\" srcset=\"https:\/\/auribluz.com\/wp-content\/uploads\/2021\/11\/activar-sam-paso-tres.jpg 600w, https:\/\/auribluz.com\/wp-content\/uploads\/2021\/11\/activar-sam-paso-tres-300x200.jpg 300w, https:\/\/auribluz.com\/wp-content\/uploads\/2021\/11\/activar-sam-paso-tres-225x150.jpg 225w, https:\/\/auribluz.com\/wp-content\/uploads\/2021\/11\/activar-sam-paso-tres-100x67.jpg 100w, https:\/\/auribluz.com\/wp-content\/uploads\/2021\/11\/activar-sam-paso-tres-788x525.jpg 788w\" sizes=\"(max-width: 600px) 100vw, 600px\" \/><\/figure><\/div>\n\n\n\n<ul class=\"wp-block-list\"><li><strong>\u00c9tape 5<\/strong>. Appuyez sur \u00ab\u00a0Activation vocale\u00a0\u00bb et activez-le.<\/li><\/ul>\n\n\n\n<div class=\"wp-block-image\"><figure class=\"aligncenter size-full\"><img loading=\"lazy\" decoding=\"async\" width=\"600\" height=\"400\" src=\"https:\/\/auribluz.com\/wp-content\/uploads\/2021\/11\/activar-sam-paso-cuatro.jpg\" alt=\"activer-sam-\u00e9tape-quatre\" class=\"wp-image-9690\" srcset=\"https:\/\/auribluz.com\/wp-content\/uploads\/2021\/11\/activar-sam-paso-cuatro.jpg 600w, https:\/\/auribluz.com\/wp-content\/uploads\/2021\/11\/activar-sam-paso-cuatro-300x200.jpg 300w, https:\/\/auribluz.com\/wp-content\/uploads\/2021\/11\/activar-sam-paso-cuatro-225x150.jpg 225w, https:\/\/auribluz.com\/wp-content\/uploads\/2021\/11\/activar-sam-paso-cuatro-100x67.jpg 100w, https:\/\/auribluz.com\/wp-content\/uploads\/2021\/11\/activar-sam-paso-cuatro-788x525.jpg 788w\" sizes=\"(max-width: 600px) 100vw, 600px\" \/><\/figure><\/div>\n\n\n\n<ul class=\"wp-block-list\"><li><strong>\u00c9tape 6<\/strong>. Il ne reste plus qu&#039;\u00e0 dire \u00ab\u00a0Bonjour, Bixby\u00a0\u00bb ou \u00ab\u00a0Salut, Sam\u00a0\u00bb et l&#039;assistant vocal sera activ\u00e9. Vous pouvez d\u00e9sormais l&#039;utiliser pour effectuer vos recherches, questions, etc.<\/li><\/ul>\n\n\n\n<div class=\"wp-block-image\"><figure class=\"aligncenter size-full\"><img loading=\"lazy\" decoding=\"async\" width=\"600\" height=\"400\" src=\"https:\/\/auribluz.com\/wp-content\/uploads\/2021\/11\/activar-sam-paso-cinco.jpg\" alt=\"activer-sam-\u00e9tape-cinq\" class=\"wp-image-9689\" srcset=\"https:\/\/auribluz.com\/wp-content\/uploads\/2021\/11\/activar-sam-paso-cinco.jpg 600w, https:\/\/auribluz.com\/wp-content\/uploads\/2021\/11\/activar-sam-paso-cinco-300x200.jpg 300w, https:\/\/auribluz.com\/wp-content\/uploads\/2021\/11\/activar-sam-paso-cinco-225x150.jpg 225w, https:\/\/auribluz.com\/wp-content\/uploads\/2021\/11\/activar-sam-paso-cinco-100x67.jpg 100w, https:\/\/auribluz.com\/wp-content\/uploads\/2021\/11\/activar-sam-paso-cinco-788x525.jpg 788w\" sizes=\"(max-width: 600px) 100vw, 600px\" \/><\/figure><\/div>\n\n\n\n<p>Gardez \u00e0 l\u2019esprit que si vous avez enregistr\u00e9 la prononciation lors de votre premi\u00e8re connexion et que vous souhaitez l\u2019annuler ou faire un nouvel enregistrement, vous devez choisir \u00ab<strong>Supprimer les enregistrements Commande de r\u00e9veil<\/strong>\u00bb. De cette fa\u00e7on, vous aurez nettoy\u00e9 l\u2019enregistrement que vous avez laiss\u00e9 et vous pourrez en \u00e9tablir un nouveau.<\/p>\n\n\n\n<p>Une autre chose \u00e0 consid\u00e9rer est que les \u00e9tapes peuvent varier un peu en fonction du mod\u00e8le de smartphone Samsung que vous poss\u00e9dez. Par exemple, dans certains d&#039;entre eux, <strong>l&#039;ic\u00f4ne \u00ab Plus d&#039;options\/Param\u00e8tres \u00bb peut changer ou recevoir un autre nom<\/strong>. Cependant, les \u00e9tapes restent tr\u00e8s similaires.<\/p>\n\n\n\n<p>Avec cela, vous disposez d\u00e9sormais de tout ce dont vous avez besoin pour activer facilement l&#039;assistant vocal SAM pour Samsung. Une fois cela fait, vous remarquerez que cela vous aidera \u00e0 faciliter certaines activit\u00e9s avec votre t\u00e9l\u00e9phone mobile. Pour trouver du contenu similaire, vous pouvez visiter nos autres articles.<\/p>","protected":false},"excerpt":{"rendered":"<p>El asistente de voz es el encargado de brindar mensajes de voz que ayudan a las personas con discapacidad visual. Una vez este se activa, el dispositivo permite indicar o describir los elementos que deseas seleccionar o activar. \u00bfQu\u00e9 es el asistente de voz SAM de Samsung? Sam, el asistente de Samsung, fue dise\u00f1ada por &#8230; <a title=\"Comment activer l&#039;assistant vocal SAM sur Samsung \u00e9tape par \u00e9tape\" class=\"read-more\" href=\"https:\/\/auribluz.com\/fr\/comment-activer-lassistant-vocal-sam-samsung\/\" aria-label=\"En savoir plus sur C\u00f3mo activar el asistente de voz SAM en Samsung paso a paso\">Lire plus<\/a><\/p>","protected":false},"author":1,"featured_media":9723,"comment_status":"open","ping_status":"closed","sticky":false,"template":"","format":"standard","meta":{"footnotes":""},"categories":[108],"tags":[],"class_list":["post-9688","post","type-post","status-publish","format-standard","has-post-thumbnail","hentry","category-guias","generate-columns","tablet-grid-50","mobile-grid-100","grid-parent","grid-33"],"_links":{"self":[{"href":"https:\/\/auribluz.com\/fr\/wp-json\/wp\/v2\/posts\/9688"}],"collection":[{"href":"https:\/\/auribluz.com\/fr\/wp-json\/wp\/v2\/posts"}],"about":[{"href":"https:\/\/auribluz.com\/fr\/wp-json\/wp\/v2\/types\/post"}],"author":[{"embeddable":true,"href":"https:\/\/auribluz.com\/fr\/wp-json\/wp\/v2\/users\/1"}],"replies":[{"embeddable":true,"href":"https:\/\/auribluz.com\/fr\/wp-json\/wp\/v2\/comments?post=9688"}],"version-history":[{"count":3,"href":"https:\/\/auribluz.com\/fr\/wp-json\/wp\/v2\/posts\/9688\/revisions"}],"predecessor-version":[{"id":9722,"href":"https:\/\/auribluz.com\/fr\/wp-json\/wp\/v2\/posts\/9688\/revisions\/9722"}],"wp:featuredmedia":[{"embeddable":true,"href":"https:\/\/auribluz.com\/fr\/wp-json\/wp\/v2\/media\/9723"}],"wp:attachment":[{"href":"https:\/\/auribluz.com\/fr\/wp-json\/wp\/v2\/media?parent=9688"}],"wp:term":[{"taxonomy":"category","embeddable":true,"href":"https:\/\/auribluz.com\/fr\/wp-json\/wp\/v2\/categories?post=9688"},{"taxonomy":"post_tag","embeddable":true,"href":"https:\/\/auribluz.com\/fr\/wp-json\/wp\/v2\/tags?post=9688"}],"curies":[{"name":"wp","href":"https:\/\/api.w.org\/{rel}","templated":true}]}}